{"id":5261,"date":"2024-07-09T12:55:25","date_gmt":"2024-07-09T10:55:25","guid":{"rendered":"https:\/\/akwdev.proop.pl\/?p=5261"},"modified":"2024-07-15T14:43:58","modified_gmt":"2024-07-15T12:43:58","slug":"vat-przesuniecie-terminu-wdrozenia-krajowego-systemu-e-faktur-ksef","status":"publish","type":"post","link":"https:\/\/www.akwadrat.info.pl\/pl\/aktualnosci\/vat-przesuniecie-terminu-wdrozenia-krajowego-systemu-e-faktur-ksef\/","title":{"rendered":"Obecne zmiany w przepisach podatkowych"},"content":{"rendered":"\t\t<div data-elementor-type=\"wp-post\" data-elementor-id=\"5261\" class=\"elementor elementor-5261\" data-elementor-post-type=\"post\">\n\t\t\t\t\t\t<section class=\"elementor-section elementor-top-section elementor-element elementor-element-8ea840d elementor-section-boxed elementor-section-height-default elementor-section-height-default\" data-id=\"8ea840d\" data-element_type=\"section\">\n\t\t\t\t\t\t<div class=\"elementor-container elementor-column-gap-default\">\n\t\t\t\t\t<div class=\"elementor-column elementor-col-100 elementor-top-column elementor-element elementor-element-abbdcd4\" data-id=\"abbdcd4\" data-element_type=\"column\">\n\t\t\t<div class=\"elementor-widget-wrap elementor-element-populated\">\n\t\t\t\t\t\t<div class=\"elementor-element elementor-element-eb652b9 elementor-widget elementor-widget-text-editor\" data-id=\"eb652b9\" data-element_type=\"widget\" data-widget_type=\"text-editor.default\">\n\t\t\t\t<div class=\"elementor-widget-container\">\n\t\t\t\t\t\t\t\t\t<p><span style=\"font-weight: 400;\">Przepisy przewiduj\u0105 zmian\u0119 terminu wej\u015bcia w \u017cycie Krajowego Systemu e-Faktur. Nowy termin wej\u015bcia w \u017cycie obligatoryjnego KSeF okre\u015bla si\u0119 na dzie\u0144 1 lutego 2026 r.<\/span><\/p><p><span style=\"font-weight: 400;\">Obowi\u0105zek wdro\u017cenia KSeF b\u0119dzie mia\u0142 zastosowanie do wszystkich podatnik\u00f3w (czynnych i zwolnionych z VAT) w jednym terminie, tj. 1 lutego 2026 r.<\/span><\/p><p><span style=\"font-weight: 400;\">Wobec wcze\u015bniej zapowiadanych dw\u00f3ch termin\u00f3w wej\u015bcia w \u017cycie KSeF (tj. 1 lutego oraz 1 kwietnia 2026 r.), Ministerstwo Finans\u00f3w wskazuje, \u017ce wci\u0105\u017c trwaj\u0105 konsultacje publiczne, kt\u00f3rych wynikiem b\u0119dzie odr\u0119bny projekt ustawy przewiduj\u0105cy wej\u015bcie w \u017cycie KSeF w dw\u00f3ch terminach.\u00a0<\/span><\/p><p><span style=\"font-weight: 400;\">Z uwagi na odroczenie daty wej\u015bcia w \u017cycie obowi\u0105zkowego KSeF przesuwa si\u0119 niekt\u00f3re obowi\u0105zki poprzez:<\/span><\/p><ol><li style=\"font-weight: 400;\" aria-level=\"1\"><span style=\"font-weight: 400;\">wskazanie jak d\u0142ugo, w okresie przej\u015bciowym po wprowadzeniu obowi\u0105zku KSeF, podatnicy b\u0119d\u0105 mogli w dotychczasowy spos\u00f3b wystawia\u0107 faktury z kasy rejestruj\u0105cej \u2013 od 1 lutego 2026 r. do 31 lipca 2026 r.;<\/span><\/li><li style=\"font-weight: 400;\" aria-level=\"1\"><span style=\"font-weight: 400;\">odroczenie obowi\u0105zku podawania numeru identyfikuj\u0105cego faktur\u0119 w KSeF (numeru KSeF) przy dokonywaniu p\u0142atno\u015bci przelewem \u2013 obowi\u0105zek b\u0119dzie dotyczy\u0142 p\u0142atno\u015bci dokonanych od dnia 1 sierpnia 2026 r.;<\/span><\/li><li style=\"font-weight: 400;\" aria-level=\"1\"><span style=\"font-weight: 400;\">odroczenie kar wobec podatnik\u00f3w za b\u0142\u0119dy zwi\u0105zane ze stosowaniem obowi\u0105zku KSeF &#8211; na dzie\u0144 1 sierpnia 2026 r.<\/span><\/li><\/ol><ul><li style=\"font-weight: 400;\" aria-level=\"1\"><span style=\"font-weight: 400;\">Przepisy wesz\u0142y w \u017cycie 1 lipca 2024 r.<\/span><\/li><li style=\"font-weight: 400;\" aria-level=\"1\"><span style=\"font-weight: 400;\">\u0179r\u00f3d\u0142o: <\/span><a href=\"https:\/\/dziennikustaw.gov.pl\/DU\/2024\/852\" target=\"_blank\" rel=\"noopener\"><span style=\"font-weight: 400;\">https:\/\/dziennikustaw.gov.pl\/DU\/2024\/852<\/span><\/a><\/li><\/ul><h3><b>Obowi\u0105zek przekazania przez operatora platformy internetowej informacji o sprzedawcach do Szefa KAS<\/b><\/h3><p><span style=\"font-weight: 400;\">Ustawa implementuje do polskiego porz\u0105dku prawnego dyrektyw\u0119 DAC7, kt\u00f3ra wprowadza zmiany w zakresie obowi\u0105zku informacyjnego sprzedawc\u00f3w oraz operator\u00f3w platform, na kt\u00f3rych oferuj\u0105 oni swoje produkty i us\u0142ugi. Operator platformy b\u0119dzie zobowi\u0105zany do przekazania Szefowi KAS danych o sprzedawcach takich jak:<\/span><\/p><ol><li style=\"font-weight: 400;\" aria-level=\"1\"><span style=\"font-weight: 400;\">imi\u0119 i nazwisko,<\/span><\/li><li style=\"font-weight: 400;\" aria-level=\"1\"><span style=\"font-weight: 400;\">g\u0142\u00f3wny adres,<\/span><\/li><li style=\"font-weight: 400;\" aria-level=\"1\"><span style=\"font-weight: 400;\">ka\u017cdy NIP nadany sprzedawcy,<\/span><\/li><li style=\"font-weight: 400;\" aria-level=\"1\"><span style=\"font-weight: 400;\">data urodzenia,<\/span><\/li><li style=\"font-weight: 400;\" aria-level=\"1\"><span style=\"font-weight: 400;\">firma,<\/span><\/li><li style=\"font-weight: 400;\" aria-level=\"1\"><span style=\"font-weight: 400;\">numer identyfikacyjny VAT,<\/span><\/li><li style=\"font-weight: 400;\" aria-level=\"1\"><span style=\"font-weight: 400;\">numer w odpowiednim rejestrze gospodarczym.<\/span><\/li><\/ol><p><span style=\"font-weight: 400;\">Obowi\u0105zkowi sprawozdawczemu podlegaj\u0105 sprzedawcy, kt\u00f3rzy w trakcie roku przeprowadzili min. 30 transakcji lub przekroczyli limit sprzeda\u017cy w wysoko\u015bci 2000 euro.<\/span><\/p><p><span style=\"font-weight: 400;\">Informacja o sprzedawcach ma by\u0107 sporz\u0105dzana na podstawie publicznie dost\u0119pnego wzoru, a nast\u0119pnie przekazywana Szefowi KAS do ko\u0144ca miesi\u0105ca nast\u0119puj\u0105cego po zako\u0144czeniu ka\u017cdego okresu sprawozdawczego wynosz\u0105cego 1 rok kalendarzowy.\u00a0<\/span><\/p><p><span style=\"font-weight: 400;\">Szef KAS ma uzyska\u0107 mo\u017cliwo\u015b\u0107 nak\u0142adania kar pieni\u0119\u017cnych oraz wzywania operator\u00f3w\u00a0 platform do sk\u0142adania wyja\u015bnie\u0144.<\/span><\/p><ul><li style=\"font-weight: 400;\" aria-level=\"1\"><span style=\"font-weight: 400;\">Przepisy wesz\u0142y w \u017cycie z dniem 1 lipca 2024 r., z wyj\u0105tkiem cz\u0119\u015bci, kt\u00f3ra wchodzi w \u017cycie z dniem 1 wrze\u015bnia 2024 r.<\/span><\/li><li style=\"font-weight: 400;\" aria-level=\"1\"><span style=\"font-weight: 400;\">\u0179r\u00f3d\u0142o: <\/span><a href=\"https:\/\/dziennikustaw.gov.pl\/DU\/2024\/879\" target=\"_blank\" rel=\"noopener\"><span style=\"font-weight: 400;\">https:\/\/dziennikustaw.gov.pl\/DU\/2024\/879<\/span><\/a><\/li><\/ul><h3><b>Nowe obowi\u0105zki dot. RODO w zakresie raportowania schemat\u00f3w podatkowych (MDR)<\/b><\/h3><p><span style=\"font-weight: 400;\">Zgodnie ze znowelizowanymi przepisami Ordynacji podatkowej, promotor i wspomagaj\u0105cy przekazuj\u0105cy informacj\u0119 o schemacie podatkowym b\u0119d\u0105 obowi\u0105zani do udzielenia na pi\u015bmie osobie fizycznej, kt\u00f3rej informacje o schemacie podatkowym dotycz\u0105, informacji o:<\/span><\/p><ol><li style=\"font-weight: 400;\" aria-level=\"1\"><span style=\"font-weight: 400;\">gromadzeniu, przetwarzaniu i przekazywaniu informacji oraz<\/span><\/li><li style=\"font-weight: 400;\" aria-level=\"1\"><span style=\"font-weight: 400;\">prawie przys\u0142uguj\u0105cym osobie do uzyskania\u00a0 informacji od administratora w okre\u015blonym czasie, jaki zosta\u0142 wyznaczony do ochrony danych osobowych, przed przekazaniem informacji.<\/span><\/li><\/ol><p><span style=\"font-weight: 400;\">Promotor i wspomagaj\u0105cy przekazuj\u0105cy informacj\u0119 o schemacie podatkowym maj\u0105 zawiadamia\u0107 niezw\u0142ocznie na pi\u015bmie ww. osob\u0119 fizyczn\u0105 o prawdopodobie\u0144stwie naruszenia bezpiecze\u0144stwa jej danych osobowych, w przypadku gdy istnieje prawdopodobie\u0144stwo, \u017ce naruszenie to wp\u0142ynie negatywnie na ochron\u0119 danych osobowych tej osoby fizycznej.<\/span><\/p><ul><li style=\"font-weight: 400;\" aria-level=\"1\"><span style=\"font-weight: 400;\">Przepisy wesz\u0142y w \u017cycie z dniem 1 lipca 2024 r.<\/span><\/li><li style=\"font-weight: 400;\" aria-level=\"1\"><span style=\"font-weight: 400;\">\u0179r\u00f3d\u0142o: <\/span><a href=\"https:\/\/dziennikustaw.gov.pl\/DU\/2024\/879\" target=\"_blank\" rel=\"noopener\"><span style=\"font-weight: 400;\">https:\/\/dziennikustaw.gov.pl\/DU\/2024\/879<\/span><\/a><\/li><\/ul><h3><b>Podatek dochodowy \u2013 Zaniechanie poboru podatku dochodowego od os\u00f3b fizycznych od nagr\u00f3d pieni\u0119\u017cnych przyznanych Powsta\u0144com Warszawskim albo ich ma\u0142\u017conkom<\/b><\/h3><p><span style=\"font-weight: 400;\">Przepisy przewiduj\u0105 zaniechanie poboru podatk\u00f3w od nagr\u00f3d pieni\u0119\u017cnych przyznanych Powsta\u0144com Warszawskim albo ich ma\u0142\u017conkom przez Rad\u0119 miasta sto\u0142ecznego Warszawy.<\/span><\/p><p><span style=\"font-weight: 400;\">Zaniechanie ma zastosowanie do dochod\u00f3w (przychod\u00f3w) uzyskanych od 1 stycznia 2024 r. do 31 grudnia 2024 r.<\/span><\/p><ul><li style=\"font-weight: 400;\" aria-level=\"1\"><span style=\"font-weight: 400;\">Przepisy wesz\u0142y w \u017cycie 22 czerwca 2024 r.<\/span><\/li><li style=\"font-weight: 400;\" aria-level=\"1\"><span style=\"font-weight: 400;\">\u0179r\u00f3d\u0142o: <\/span><a href=\"https:\/\/dziennikustaw.gov.pl\/DU\/2024\/847\" target=\"_blank\" rel=\"noopener\"><span style=\"font-weight: 400;\">https:\/\/dziennikustaw.gov.pl\/DU\/2024\/847<\/span><\/a><\/li><\/ul>\t\t\t\t\t\t\t\t<\/div>\n\t\t\t\t<\/div>\n\t\t\t\t\t<\/div>\n\t\t<\/div>\n\t\t\t\t\t<\/div>\n\t\t<\/section>\n\t\t\t\t<\/div>\n\t\t","protected":false},"excerpt":{"rendered":"<p>VAT \u2013 Przesuni\u0119cie terminu wdro\u017cenia Krajowego Systemu e-Faktur (KSeF)<\/p>\n","protected":false},"author":3,"featured_media":5266,"comment_status":"open","ping_status":"open","sticky":false,"template":"","format":"standard","meta":{"footnotes":""},"categories":[22],"tags":[],"class_list":["post-5261","post","type-post","status-publish","format-standard","has-post-thumbnail","hentry","category-aktualnosci"],"blocksy_meta":[],"_links":{"self":[{"href":"https:\/\/www.akwadrat.info.pl\/pl\/wp-json\/wp\/v2\/posts\/5261","targetHints":{"allow":["GET"]}}],"collection":[{"href":"https:\/\/www.akwadrat.info.pl\/pl\/wp-json\/wp\/v2\/posts"}],"about":[{"href":"https:\/\/www.akwadrat.info.pl\/pl\/wp-json\/wp\/v2\/types\/post"}],"author":[{"embeddable":true,"href":"https:\/\/www.akwadrat.info.pl\/pl\/wp-json\/wp\/v2\/users\/3"}],"replies":[{"embeddable":true,"href":"https:\/\/www.akwadrat.info.pl\/pl\/wp-json\/wp\/v2\/comments?post=5261"}],"version-history":[{"count":5,"href":"https:\/\/www.akwadrat.info.pl\/pl\/wp-json\/wp\/v2\/posts\/5261\/revisions"}],"predecessor-version":[{"id":5270,"href":"https:\/\/www.akwadrat.info.pl\/pl\/wp-json\/wp\/v2\/posts\/5261\/revisions\/5270"}],"wp:featuredmedia":[{"embeddable":true,"href":"https:\/\/www.akwadrat.info.pl\/pl\/wp-json\/wp\/v2\/media\/5266"}],"wp:attachment":[{"href":"https:\/\/www.akwadrat.info.pl\/pl\/wp-json\/wp\/v2\/media?parent=5261"}],"wp:term":[{"taxonomy":"category","embeddable":true,"href":"https:\/\/www.akwadrat.info.pl\/pl\/wp-json\/wp\/v2\/categories?post=5261"},{"taxonomy":"post_tag","embeddable":true,"href":"https:\/\/www.akwadrat.info.pl\/pl\/wp-json\/wp\/v2\/tags?post=5261"}],"curies":[{"name":"wp","href":"https:\/\/api.w.org\/{rel}","templated":true}]}}